{"id":5870,"date":"2023-09-17T13:10:38","date_gmt":"2023-09-17T11:10:38","guid":{"rendered":"http:\/\/hestiafundacion.org\/?p=5870"},"modified":"2023-09-30T12:29:04","modified_gmt":"2023-09-30T10:29:04","slug":"tres-entrades-convidar-a-participar-en-bcn-sport-films-2024","status":"publish","type":"post","link":"http:\/\/hestiafundacion.org\/ca\/tres-entrades-convidar-a-participar-en-bcn-sport-films-2024\/","title":{"rendered":"&#8220;Tres entrades, convidat a participar en BCN Sport Films 2024"},"content":{"rendered":"<p><strong>&#8220;Tres entrades&#8221;<\/strong>, el curtmetratge produ\u00eft per la <strong>Fundaci\u00f3 Hestia i Hestia Menorca<\/strong> en el marc del seu projecte de sensibilitzaci\u00f3 sobre salut mental <strong>#MatealEstigma<\/strong>, opta a participar en <strong>Barcelona International Sports Film Festival 2024<\/strong>, despr\u00e9s d&#8217;haver rebut una invitaci\u00f3 de l&#8217;organitzaci\u00f3 d&#8217;aquest certamen que se celebrar\u00e0 entre el 19 i el 27 de febrer del proper any.<\/p>\n<p>El curt, dirigit i realitzat per <strong>The Bendito Studios<\/strong> compta amb la col\u00b7laboraci\u00f3 de la <strong>Fundaci\u00f3 per a Personas amb Discapacitat de Menorca<\/strong> i el suport de <strong>Destiler\u00edas Xoriguer<\/strong>, narra un moment a la vida de tres persones usu\u00e0ries de La Florida, un dispositiu de salut mental. de Menorca, amb el rerefons del potencial de l&#8217;activitat f\u00edsica i el esport per a la <strong>integraci\u00f3 de persones amb malaltia mental.<\/strong><\/p>\n<p>Totes les entitats implicades en aquesta producci\u00f3 audiovisual estan a l&#8217;espera de la decisi\u00f3 del jurat del <a href=\"https:\/\/bcnsportsfilm.org\">BCN Sports Film 2024<\/a>, si b\u00e9 valoran molt positivament la seva preselecci\u00f3. Amb <a href=\"http:\/\/hestiafundacion.org\/ca\/tres-entrades-nou-curtmetratge-de-fundacio-hestia-sobre-salut-mental\/\">&#8220;Tres entrades&#8221;<\/a> s\u00f3n ja quatre els curts produ\u00efts per la Fundaci\u00f3 en el context del #MatealEstigma, projecte que inclou el patrocini de l&#8217;equip de B\u00e0squet de LEB Or Hestia Menorca.<\/p>\n","protected":false},"excerpt":{"rendered":"<p>&#8220;Tres entrades&#8221;, el curtmetratge produ\u00eft per la Fundaci\u00f3 Hestia i Hestia Menorca en el marc del seu projecte de sensibilitzaci\u00f3 sobre salut mental #MatealEstigma, opta a participar en Barcelona International Sports Film Festival 2024, despr\u00e9s d&#8217;haver rebut una invitaci\u00f3 de l&#8217;organitzaci\u00f3 d&#8217;aquest certamen que se&#8230;<\/p>\n","protected":false},"author":3,"featured_media":5810,"comment_status":"open","ping_status":"open","sticky":false,"template":"","format":"standard","meta":[],"categories":[210,212],"tags":[],"_links":{"self":[{"href":"http:\/\/hestiafundacion.org\/ca\/wp-json\/wp\/v2\/posts\/5870\/"}],"collection":[{"href":"http:\/\/hestiafundacion.org\/ca\/wp-json\/wp\/v2\/posts\/"}],"about":[{"href":"http:\/\/hestiafundacion.org\/ca\/wp-json\/wp\/v2\/types\/post\/"}],"author":[{"embeddable":true,"href":"http:\/\/hestiafundacion.org\/ca\/wp-json\/wp\/v2\/users\/3\/"}],"replies":[{"embeddable":true,"href":"http:\/\/hestiafundacion.org\/ca\/wp-json\/wp\/v2\/comments\/?post=5870"}],"version-history":[{"count":2,"href":"http:\/\/hestiafundacion.org\/ca\/wp-json\/wp\/v2\/posts\/5870\/revisions\/"}],"predecessor-version":[{"id":5906,"href":"http:\/\/hestiafundacion.org\/ca\/wp-json\/wp\/v2\/posts\/5870\/revisions\/5906\/"}],"wp:featuredmedia":[{"embeddable":true,"href":"http:\/\/hestiafundacion.org\/ca\/wp-json\/wp\/v2\/media\/5810\/"}],"wp:attachment":[{"href":"http:\/\/hestiafundacion.org\/ca\/wp-json\/wp\/v2\/media\/?parent=5870"}],"wp:term":[{"taxonomy":"category","embeddable":true,"href":"http:\/\/hestiafundacion.org\/ca\/wp-json\/wp\/v2\/categories\/?post=5870"},{"taxonomy":"post_tag","embeddable":true,"href":"http:\/\/hestiafundacion.org\/ca\/wp-json\/wp\/v2\/tags\/?post=5870"}],"curies":[{"name":"wp","href":"https:\/\/api.w.org\/{rel}","templated":true}]}}