{"id":6228,"date":"2024-09-30T09:56:22","date_gmt":"2024-09-30T07:56:22","guid":{"rendered":"http:\/\/hestiafundacion.org\/?p=6228"},"modified":"2024-10-04T09:57:36","modified_gmt":"2024-10-04T07:57:36","slug":"fundacio-hestia-part-del-programa-del-dia-mundial-de-la-salut-mental-a-menorca","status":"publish","type":"post","link":"http:\/\/hestiafundacion.org\/ca\/fundacio-hestia-part-del-programa-del-dia-mundial-de-la-salut-mental-a-menorca\/","title":{"rendered":"Fundaci\u00f3 Hestia, part del programa del D\u00eda Mundial de la Salut Mental a Menorca"},"content":{"rendered":"<p>Fundaci\u00f3 Hestia i Hestia Menorca se sumen per sis\u00e8 any consecutiu a la commemoraci\u00f3 del Dia Mundial de la Salut Mental, que se celebra cada 10 d&#8217;octubre. Ho faran aquesta vegada amb un 3\u00d73 #MatealEstigma, que organitzen juntament amb l&#8217;\u00c0rea de Salut de Menorca i la Fundaci\u00f3 per a Persones amb Discapacitat de Menorca. L&#8217;activitat tindr\u00e0 lloc el mateix dia 10, entre les 10.30 i les 13 hores, al Pavell\u00f3 Menorca i comptar\u00e0 amb la participaci\u00f3 de jugadors i membres de l&#8217;<em>staff<\/em> de l&#8217;H\u00e8stia Menorca, i de persones usu\u00e0ries de dispositius de salut mental de la Illa.<\/p>\n<p>El 3\u00d73#MatealEstigma arriba a la segona edici\u00f3 i d\u00f3na continu\u00eftat a les pintades de mural, espots, xerrades i entrevistes de sensibilitzaci\u00f3 que la Fundaci\u00f3 H\u00e8stia i el Club B\u00e0squet Menorca porten organitzant des que, el 2018, l&#8217;entitat compromesa en l&#8217;atenci\u00f3 de col\u00b7lectius vulnerables, com ho \u00e9s el de les persones amb trastorn mental, esdevingu\u00e9s <em>title sponsor<\/em> de l&#8217;equip de b\u00e0squet menorqu\u00ed. Algunes d&#8217;aquestes activitats s&#8217;han incl\u00f2s a les diferents jornades sobre salut mental que institucions i entitats de Menorca han organitzat amb motiu del Dia Mundial de la Salut Mental. El programa del 2024 ha estat presentat aquest dilluns al Hospital Mateu Orfila, a Ma\u00f3, Menorca.<\/p>\n<p>\u27a1\ufe0f Programa complet Dia Mundial de la Salut Mental 2024 \u2b05\ufe0f<\/p>\n<p>L&#8217;acte va comptar amb la participaci\u00f3 de Bernardo Pax, gerent de l&#8217;\u00c0rea de Salut de Menorca, Carmen Reyn\u00e9s, consellera de Benestar Social, i Cristina Fern\u00e1ndez, directora t\u00e8cnica de la FPDM, i l&#8217;assist\u00e8ncia de diferents entitats implicades a l&#8217;organitzaci\u00f3 de les diferents activitat, entre elles Fundaci\u00f3 Hestia i Hestia Menorca. Pax, Reyn\u00e9s i Fern\u00e1ndez van subratllar la import\u00e0ncia del treball conjunt en mat\u00e8ria de salut mental, a m\u00e9s de detallar els diferents actes del programa.<\/p>\n<p>Pel que fa a la commemoraci\u00f3 del Dia Mundial de Salut Mental, cal destacar que <em>\u00abl&#8217;objectiu \u00e9s avan\u00e7ar de manera col\u00b7lectiva en la visibilitzaci\u00f3 dels trastorns mentals, lluitar contra l&#8217;estigma que se&#8217;ls associa i avan\u00e7ar en la sensibilitzaci\u00f3 social\u00bb<\/em>. Per aix\u00f2, uns any m\u00e9s s&#8217;aglutinen al voltant d&#8217;aquesta efem\u00e8ride diferents institucions que treballen amb el col\u00b7lectiu de salut mental, a m\u00e9s de particulars i empreses, abastant el programa \u00e0mbits diversos com el laboral, esportiu, art\u00edstic o familiar.<\/p>\n","protected":false},"excerpt":{"rendered":"<p>Fundaci\u00f3 Hestia i Hestia Menorca se sumen per sis\u00e8 any consecutiu a la commemoraci\u00f3 del Dia Mundial de la Salut Mental, que se celebra cada 10 d&#8217;octubre. Ho faran aquesta vegada amb un 3\u00d73 #MatealEstigma, que organitzen juntament amb l&#8217;\u00c0rea de Salut de Menorca i&#8230;<\/p>\n","protected":false},"author":3,"featured_media":6226,"comment_status":"open","ping_status":"open","sticky":false,"template":"","format":"standard","meta":[],"categories":[210,212,135,30],"tags":[],"_links":{"self":[{"href":"http:\/\/hestiafundacion.org\/ca\/wp-json\/wp\/v2\/posts\/6228\/"}],"collection":[{"href":"http:\/\/hestiafundacion.org\/ca\/wp-json\/wp\/v2\/posts\/"}],"about":[{"href":"http:\/\/hestiafundacion.org\/ca\/wp-json\/wp\/v2\/types\/post\/"}],"author":[{"embeddable":true,"href":"http:\/\/hestiafundacion.org\/ca\/wp-json\/wp\/v2\/users\/3\/"}],"replies":[{"embeddable":true,"href":"http:\/\/hestiafundacion.org\/ca\/wp-json\/wp\/v2\/comments\/?post=6228"}],"version-history":[{"count":1,"href":"http:\/\/hestiafundacion.org\/ca\/wp-json\/wp\/v2\/posts\/6228\/revisions\/"}],"predecessor-version":[{"id":6229,"href":"http:\/\/hestiafundacion.org\/ca\/wp-json\/wp\/v2\/posts\/6228\/revisions\/6229\/"}],"wp:featuredmedia":[{"embeddable":true,"href":"http:\/\/hestiafundacion.org\/ca\/wp-json\/wp\/v2\/media\/6226\/"}],"wp:attachment":[{"href":"http:\/\/hestiafundacion.org\/ca\/wp-json\/wp\/v2\/media\/?parent=6228"}],"wp:term":[{"taxonomy":"category","embeddable":true,"href":"http:\/\/hestiafundacion.org\/ca\/wp-json\/wp\/v2\/categories\/?post=6228"},{"taxonomy":"post_tag","embeddable":true,"href":"http:\/\/hestiafundacion.org\/ca\/wp-json\/wp\/v2\/tags\/?post=6228"}],"curies":[{"name":"wp","href":"https:\/\/api.w.org\/{rel}","templated":true}]}}