{"id":6281,"date":"2024-10-14T08:29:43","date_gmt":"2024-10-14T06:29:43","guid":{"rendered":"http:\/\/hestiafundacion.org\/?p=6281"},"modified":"2024-10-26T05:34:50","modified_gmt":"2024-10-26T03:34:50","slug":"fundacio-hestia-a-pel-matealestigma-a-cartagena","status":"publish","type":"post","link":"http:\/\/hestiafundacion.org\/ca\/fundacio-hestia-a-pel-matealestigma-a-cartagena\/","title":{"rendered":"Fundaci\u00f3 Hestia, a pel #MatealEstigma a Cartagena"},"content":{"rendered":"<p>El #Matealestigma de la <strong>Fundaci\u00f3 Hestia<\/strong> visita a Cartagena. El projecte, vinculat al patrocini de l\u00b4<strong>Hestia Menorca<\/strong> de Primera FEB, pret\u00e9n promocionar l\u00b4activitat f\u00edsica com a instrument de millora de la salut mental, afavorir la integraci\u00f3 social dels col\u00b7lectius amb malaltia mental greu i visibilitzar la malaltia mental i lluitar contra l\u00b4estigma que porta aparellada. Per afavorir l&#8217;assoliment d&#8217;aquests objectius, responsables de la Fundaci\u00f3 Hestia estan ultimant amb l&#8217;<strong>Odilo FC Cartagena CB<\/strong> i la <strong>Fundaci\u00f3 CB Cartagena<\/strong> una s\u00e8rie d&#8217;accions aprofitant la celebraci\u00f3 del partit que enfrontar\u00e0 aquest dissabte, 26 d&#8217;octubre, el club cartagener i l&#8217;Hestia Menorca.<\/p>\n<p>Aix\u00ed, amb la col\u00b7laboraci\u00f3 de <strong>Maristas<\/strong> de Cartagena, 120 estudiants d&#8217;ESO del centre participaran el mat\u00ed del divendres 25 d&#8217;octubre en una xerrada sobre activitat f\u00edsica i salut mental, que es repetir\u00e0 a la tarda, adre\u00e7ada als integrants de la pedrera de l&#8217;Odilo FC Cartagena CB. Est\u00e0 previst que jugadors de l&#8217;equip tamb\u00e9 se sumin a l&#8217;activitat. Aix\u00ed mateix, el club cartagener ha cursat invitaci\u00f3 a trav\u00e9s d&#8217;<a href=\"https:\/\/apicescartagena.com\"><strong>Apices Salut Mental Cartagena<\/strong><\/a>, perqu\u00e8 persones usu\u00e0ries i acompanyants puguin assistir al partit. Aquesta associaci\u00f3, que s&#8217;orienta a assolir tant la integraci\u00f3 social de les persones amb problemes de salut mental, com la seva inserci\u00f3 sociolaboral i rehabilitaci\u00f3 integral, instal\u00b7lar\u00e0 una taula al pavell\u00f3 per donar a con\u00e8ixer els treballs manuals que es fan als seus tallers ocupacionals.<\/p>\n<p><strong>#Matealestigma<\/strong><\/p>\n<p>Les activitats a Cartagena integren el primer#MatealEstigma de la temporada 2024-2025 fora de Menorca. L&#8217;Illa va acollir el 10 d&#8217;octubre passat un <a href=\"http:\/\/hestiafundacion.org\/ca\/mes-de-150-persones-participen-al-segon-3x3-matealestigma-amb-motiu-del-dia-mundial-de-la-salut-mental\/\"><strong>3&#215;3 MatealEstigma<\/strong><\/a> que va reunir m\u00e9s de 150 persones, entre elles usu\u00e0ries de dispositius de salut mental i jugadors de l&#8217;<a href=\"http:\/\/basquetmenorca.com\">Hestia Menorca<\/a>, en una matinal de conviv\u00e8ncia i b\u00e0squet.<\/p>\n<p>#Matealestigma \u00e9s l&#8217;etiqueta escollida per resumir l&#8217;esperit de l&#8217;acord entre la Fundaci\u00f3 Hestia i el Club B\u00e0squet Menorca, pel qual la Fundaci\u00f3 va assumir el patrocini del club menorqu\u00ed i el Club la col\u00b7laboraci\u00f3 amb un projecte de sensibilitzaci\u00f3 al voltant de l&#8217;activitat f\u00edsica i la salut mental. \u00a0M\u00e9s de 5.000 persones s&#8217;han beneficiat d&#8217;aquest projecte des de la seva posada en marxa el 2018. Pintades de mural, xerrades, espots i entrevistes de sensibilitzaci\u00f3 s\u00f3n algunes de les accions desenvolupades tant a Menorca com fora de Menorca, i en col\u00b7laboraci\u00f3 amb gaireb\u00e9 un centenar de clubs de b\u00e0squet, centres educatius, empreses i associacions vinculades al col\u00b7lectiu de salut mental.<\/p>\n","protected":false},"excerpt":{"rendered":"<p>El #Matealestigma de la Fundaci\u00f3 Hestia visita a Cartagena. El projecte, vinculat al patrocini de l\u00b4Hestia Menorca de Primera FEB, pret\u00e9n promocionar l\u00b4activitat f\u00edsica com a instrument de millora de la salut mental, afavorir la integraci\u00f3 social dels col\u00b7lectius amb malaltia mental greu i visibilitzar&#8230;<\/p>\n","protected":false},"author":3,"featured_media":6300,"comment_status":"open","ping_status":"open","sticky":false,"template":"","format":"standard","meta":[],"categories":[210,212,135,30],"tags":[],"_links":{"self":[{"href":"http:\/\/hestiafundacion.org\/ca\/wp-json\/wp\/v2\/posts\/6281\/"}],"collection":[{"href":"http:\/\/hestiafundacion.org\/ca\/wp-json\/wp\/v2\/posts\/"}],"about":[{"href":"http:\/\/hestiafundacion.org\/ca\/wp-json\/wp\/v2\/types\/post\/"}],"author":[{"embeddable":true,"href":"http:\/\/hestiafundacion.org\/ca\/wp-json\/wp\/v2\/users\/3\/"}],"replies":[{"embeddable":true,"href":"http:\/\/hestiafundacion.org\/ca\/wp-json\/wp\/v2\/comments\/?post=6281"}],"version-history":[{"count":1,"href":"http:\/\/hestiafundacion.org\/ca\/wp-json\/wp\/v2\/posts\/6281\/revisions\/"}],"predecessor-version":[{"id":6284,"href":"http:\/\/hestiafundacion.org\/ca\/wp-json\/wp\/v2\/posts\/6281\/revisions\/6284\/"}],"wp:featuredmedia":[{"embeddable":true,"href":"http:\/\/hestiafundacion.org\/ca\/wp-json\/wp\/v2\/media\/6300\/"}],"wp:attachment":[{"href":"http:\/\/hestiafundacion.org\/ca\/wp-json\/wp\/v2\/media\/?parent=6281"}],"wp:term":[{"taxonomy":"category","embeddable":true,"href":"http:\/\/hestiafundacion.org\/ca\/wp-json\/wp\/v2\/categories\/?post=6281"},{"taxonomy":"post_tag","embeddable":true,"href":"http:\/\/hestiafundacion.org\/ca\/wp-json\/wp\/v2\/tags\/?post=6281"}],"curies":[{"name":"wp","href":"https:\/\/api.w.org\/{rel}","templated":true}]}}