{"id":6420,"date":"2024-12-20T11:00:03","date_gmt":"2024-12-20T09:00:03","guid":{"rendered":"http:\/\/hestiafundacion.org\/?p=6420"},"modified":"2024-12-20T12:20:51","modified_gmt":"2024-12-20T10:20:51","slug":"un-centenar-dalumnas-del-ceip-antoni-juan-alemany-protagonitza-el-primer-matealestigma-escolar-de-la-temporada-a-menorca","status":"publish","type":"post","link":"http:\/\/hestiafundacion.org\/ca\/un-centenar-dalumnas-del-ceip-antoni-juan-alemany-protagonitza-el-primer-matealestigma-escolar-de-la-temporada-a-menorca\/","title":{"rendered":"Un centenar d&#8217;alumnes de l&#8217;Antoni Juan Alemany protagonitza el primer #MatealEstigma de la temporada a Menorca"},"content":{"rendered":"<div>\n<p class=\"CuerpoA\">Un centenar de nens i nenes del CEIP Antoni Juan Alemany de Ma\u00f3 ha estat el primer grup de Menorca que participa aquesta temporada al #MatealEstigma escolar. L&#8217;alumnat ha compartit pati amb els jugadors de l&#8217;<a href=\"http:\/\/basquetmenorca.com\">Hestia Menorca<\/a> Jalen Cone, Pol Molins, Sean McDonnell, Andras Tanoh i Golden Dike,\u00a0 a m\u00e9s de Lipe Crist\u00f3bal, segon entrenador, i els de Cinqu\u00e9 i Sis\u00e8 de Prim\u00e0ria han participat, a m\u00e9s, en un col\u00b7loqui sobre activitat f\u00edsica i salut mental.<\/p>\n<\/div>\n<div>\n<p class=\"CuerpoA\">L&#8217;activitat ha comen\u00e7at nom\u00e9s obrir-se les portes del col\u00b7legi maon\u00e8s, amb tot l&#8217;alumnat al pati. Despr\u00e9s de la presentaci\u00f3, els jugadors han respost les preguntes que han formulat els i les alumnes, a qui han animat a tirar a cistella. Despr\u00e9s d\u00b4unes jugades d\u00b4exhibici\u00f3, un equip de l\u00b4Antoni Juan s\u00b4ha enfrontat als jugadors de l&#8217;Hestia, en un partidet que ha fet les del\u00edcies dels participants.<\/p>\n<\/div>\n<div>\n<p class=\"CuerpoA\">Tampoc no hi han faltat els aut\u00f2grafs, les fotos i les abra\u00e7ades, per tancar la primera part d&#8217;un esdeveniment tan ben organitzat pel claustre del centre, que ha comptat fins i tot amb <i>speaker<\/i>. L&#8217;activitat s&#8217;ha despla\u00e7at despr\u00e9s, i ja nom\u00e9s per als i les alumnes de Cinqu\u00e8 i Sis\u00e8 de Prim\u00e0ria, a l&#8217;interior del \u00a0col\u00b7legi on ha tingut lloc un col\u00b7loqui breu que ha servit per introduir el concepte de salut mental i la contribuci\u00f3 al benestar emocional de la pr\u00e0ctica d&#8217;un esport o activitat f\u00edsica, entre d\u2019altres h\u00e0bits de vida saludable, com dormir les hores suficients, mantenir una alimentaci\u00f3 equilibrada, limitar l\u2019\u00fas de pantalles o tenir persones a qui confiar els sentiments.<\/p>\n<\/div>\n<div>\n<p class=\"CuerpoA\"><i>\u00abLa valoraci\u00f3 del CEIP Antoni Juan Alemany \u00e9s extraordin\u00e0riament positiva, tant per la predisposici\u00f3 de la Directora de Comunicaci\u00f3, Lola Maiques, com de l&#8217;Equip T\u00e8cnic, amb Lipe Crist\u00f3bal i Pablo Mart\u00ednez, i dels jugadors Sean McDonnell, Jalen Cone, Andr\u00e1s Tanoh, Golden Dike i Pol Molins, que han sabut connectar amb tot l&#8217;alumnat i professorat del centre, creant un bon ambient de col\u00b7laboraci\u00f3<\/i> <i>i, a m\u00e9s, han estat molt propers. Ha estat un gran dia!\u00bb<\/i>, manifesta Maria Vict\u00f2ria Sintes Rita, directora del CEIP Antoni Juan Alemany.<\/p>\n<\/div>\n<div>\n<p class=\"CuerpoA\">Tamb\u00e9 des del Club i la Fundaci\u00f3 \u00a0s&#8217;ha valorat positivament aquest nou #MatealEstigma escolar. <i>\u00ab\u00c9s la segona vegada que l\u2019Antoni Juan participa en aquesta activitat. Aquest col\u00b7legi de Ma\u00f3, que desplega un gran treball en la promoci\u00f3 i la integraci\u00f3 del seu alumnat, amb iniciatives molt diverses, va ser el primer que va visitar el Pavell\u00f3 Menorca dins el marc del #MatealEstigma. Com aquella vegada, s&#8217;ha generat un clima molt bonic, i reafirma el Club i la Fundaci\u00f3 H\u00e8stia en la bondat d&#8217;una activitat que apropa el principal equip de b\u00e0squet de les Balears i el projecte social als m\u00e9s petits. Nom\u00e9s cal veure les cares, i no \u00fanicament d&#8217;alumnes, tamb\u00e9 de professors i jugadors, per saber que val la pena fer aquests par\u00e8ntesis a la din\u00e0mica esportiva\u00bb.<\/i><\/p>\n<\/div>\n<div>\n<p class=\"CuerpoA\"><b>M\u00e9s de 200 participants a Cartagena<\/b><\/p>\n<\/div>\n<div>\n<p class=\"CuerpoA\"><i>\u00a0<\/i>Amb l&#8217;alumnat del CEIP Antoni Juan Alemany, ja s\u00f3n m\u00e9s de 300 nens, nenes i joves els participants al \u2018#MatealEstigma al pavell\u00f3 o a l&#8217;escola\u2019 en aquesta temporada, ja que el passat 25 d&#8217;octubre, <a href=\"http:\/\/hestiafundacion.org\/ca\/mes-de-200-persones-participen-a-cartagena-en-les-xerrades-matealestigma\/\">alumnes de Maristes Cartagena i integrants del planter de l&#8217;Odilo FC Cartagena CB<\/a> van participar en dues xerrades que van comptar, en aquella ocasi\u00f3, amb l&#8217;assist\u00e8ncia dels jugadors de l&#8217;equip cartagener. Des de la posada en marxa de la iniciativa, m\u00e9s de 1.000 persones i mig centenar de clubs de b\u00e0squet, centres educatius, empreses i associacions han participat a les xerrades i les pintades #MatealEstigma.<\/p>\n<\/div>\n<div>\n<p class=\"CuerpoA\">\n<\/div>\n","protected":false},"excerpt":{"rendered":"<p>Un centenar de nens i nenes del CEIP Antoni Juan Alemany de Ma\u00f3 ha estat el primer grup de Menorca que participa aquesta temporada al #MatealEstigma escolar. L&#8217;alumnat ha compartit pati amb els jugadors de l&#8217;Hestia Menorca Jalen Cone, Pol Molins, Sean McDonnell, Andras Tanoh&#8230;<\/p>\n","protected":false},"author":3,"featured_media":6421,"comment_status":"open","ping_status":"open","sticky":false,"template":"","format":"standard","meta":[],"categories":[32,211,212,135],"tags":[],"_links":{"self":[{"href":"http:\/\/hestiafundacion.org\/ca\/wp-json\/wp\/v2\/posts\/6420\/"}],"collection":[{"href":"http:\/\/hestiafundacion.org\/ca\/wp-json\/wp\/v2\/posts\/"}],"about":[{"href":"http:\/\/hestiafundacion.org\/ca\/wp-json\/wp\/v2\/types\/post\/"}],"author":[{"embeddable":true,"href":"http:\/\/hestiafundacion.org\/ca\/wp-json\/wp\/v2\/users\/3\/"}],"replies":[{"embeddable":true,"href":"http:\/\/hestiafundacion.org\/ca\/wp-json\/wp\/v2\/comments\/?post=6420"}],"version-history":[{"count":4,"href":"http:\/\/hestiafundacion.org\/ca\/wp-json\/wp\/v2\/posts\/6420\/revisions\/"}],"predecessor-version":[{"id":6429,"href":"http:\/\/hestiafundacion.org\/ca\/wp-json\/wp\/v2\/posts\/6420\/revisions\/6429\/"}],"wp:featuredmedia":[{"embeddable":true,"href":"http:\/\/hestiafundacion.org\/ca\/wp-json\/wp\/v2\/media\/6421\/"}],"wp:attachment":[{"href":"http:\/\/hestiafundacion.org\/ca\/wp-json\/wp\/v2\/media\/?parent=6420"}],"wp:term":[{"taxonomy":"category","embeddable":true,"href":"http:\/\/hestiafundacion.org\/ca\/wp-json\/wp\/v2\/categories\/?post=6420"},{"taxonomy":"post_tag","embeddable":true,"href":"http:\/\/hestiafundacion.org\/ca\/wp-json\/wp\/v2\/tags\/?post=6420"}],"curies":[{"name":"wp","href":"https:\/\/api.w.org\/{rel}","templated":true}]}}