{"id":6508,"date":"2025-02-19T10:27:59","date_gmt":"2025-02-19T08:27:59","guid":{"rendered":"http:\/\/hestiafundacion.org\/?p=6508"},"modified":"2025-02-19T10:27:59","modified_gmt":"2025-02-19T08:27:59","slug":"matealestigma-viatja-a-burgos","status":"publish","type":"post","link":"http:\/\/hestiafundacion.org\/ca\/matealestigma-viatja-a-burgos\/","title":{"rendered":"#MatealEstigma viatja a Burgos"},"content":{"rendered":"<p>#MatealEstigma, el projecte de sensibilitzaci\u00f3 sobre activitat f\u00edsica i salut mental que promou Fundaci\u00f3 H\u00e8stia en el marc del patrocini del Club B\u00e0squet Menorca, arriba a Burgos. Un centenar d&#8217;alumnes i professorat de Tercer i Quart Secund\u00e0ria del col\u00b7legi Sagrat Cor de Jes\u00fas de la capital burgalesa van participar el dimarts 12 de febrer en una xerrada, que va comptar amb la participaci\u00f3 dels jugadors de l&#8217;Hestia Menorca, David G\u00f3mez, i el Grup Ureta Tizona, Ayoze Alonso i Totte Alonso.<\/p>\n<p>En la iniciativa promoguda per Fundaci\u00f3 Hestia i Hestia Menorca col\u00b7laboraven, a m\u00e9s del centre educatiu i el club burgal\u00e8s, PROSAME, l&#8217;Associaci\u00f3 Pro Salut Mental Burgos, la psic\u00f2loga de la qual, Alhel\u00ed Rangel, va tenir una intervenci\u00f3 destacada a la xerrada, en la qual tamb\u00e9 va participar Lola Maiques, responsable de Comunicaci\u00f3 de Fundaci\u00f3 Hestia i Hestia Menorca.<\/p>\n<p>L&#8217;activitat va comen\u00e7ar al gimn\u00e0s del centre, on alumnes van interpel\u00b7lar els jugadors, que van exercir, posteriorment, al pati com a \u201centrenadors\u201d. A continuaci\u00f3, la capella del col\u00b7legi va acollir un col\u00b7loqui en qu\u00e8, despr\u00e9s d&#8217;introduir-se el concepte de salut mental per Maiques, Rangel va incidir en les emocions, el seu reconeixement, comprensi\u00f3 i gesti\u00f3.<\/p>\n<p>La relaci\u00f3 entre salut f\u00edsica i mental, els factors que poden desencadenar el malestar f\u00edsic i les pautes per intentar revertir-lo, individualment i col\u00b7lectivament, la import\u00e0ncia de demanar ajuda i mantenir h\u00e0bits de vida saludable, entre ells la pr\u00e0ctica d&#8217;un esport o una activitat f\u00edsica, i la tasca de la Fundaci\u00f3 H\u00e8stia van ser els eixos sobre els quals va pivotar el col\u00b7loqui.<\/p>\n<p><img loading=\"lazy\" class=\"wp-image-6504 size-medium alignright\" src=\"http:\/\/hestiafundacion.org\/wp-content\/uploads\/2025\/02\/IMG_4515-300x200.jpg\" alt=\"\" width=\"300\" height=\"200\" srcset=\"http:\/\/hestiafundacion.org\/wp-content\/uploads\/2025\/02\/IMG_4515-300x200.jpg 300w, http:\/\/hestiafundacion.org\/wp-content\/uploads\/2025\/02\/IMG_4515-1024x683.jpg 1024w, http:\/\/hestiafundacion.org\/wp-content\/uploads\/2025\/02\/IMG_4515-768x512.jpg 768w, http:\/\/hestiafundacion.org\/wp-content\/uploads\/2025\/02\/IMG_4515-1536x1024.jpg 1536w, http:\/\/hestiafundacion.org\/wp-content\/uploads\/2025\/02\/IMG_4515-2048x1365.jpg 2048w, http:\/\/hestiafundacion.org\/wp-content\/uploads\/2025\/02\/IMG_4515-700x467.jpg 700w\" sizes=\"(max-width: 300px) 100vw, 300px\" \/><\/p>\n<p>En concloure l&#8217;activitat, satisfacci\u00f3 compartida entre participants i organitzadors. Fundaci\u00f3 Hestia i Hestia Menorca, per l&#8217;organitzaci\u00f3 de la segona xerrada de la temporada en paral\u00b7lel als despla\u00e7aments de l&#8217;equip menorqu\u00ed, i Grupo Ureta Tizona Burgos, Sagrat Cor de Jes\u00fas i PROSAME per haver pogut oferir a un bon nombre de nens i nenes l&#8217;oportunitat d&#8217;acostar-se a una realitat encara for\u00e7a silenciada i estigmatitzada, com \u00e9s la que envolta la salut mental.<\/p>\n<p>El #MatealEstigma a Burgos es va complementar amb l&#8217;assist\u00e8ncia al partit que va enfrontar dimarts mateix, al Grup Ureta Tizona Burgos amb l&#8217;H\u00e8stia Menorca d&#8217;alumnat del col\u00b7legi burgal\u00e8s i persones usu\u00e0ries <a href=\"https:\/\/www.saludmentalburgos.org\">PROSAME<\/a>, associaci\u00f3 que, des del 1990, t\u00e9 com a repte aconseguir la igualtat real i una \u00f2ptima qualitat de vida de les persones amb malaltia mental i els seus familiars.<\/p>\n<p><strong>#Matealestigma<\/strong><\/p>\n<p>#Matealestigma \u00e9s l&#8217;etiqueta escollida per resumir l&#8217;esperit de l&#8217;acord entre la Fundaci\u00f3 Hestia i el <a href=\"https:\/\/basquetmenorca.com\">Club B\u00e0squet Menorca<\/a>, pel qual la Fundaci\u00f3 va assumir el patrocini del club menorqu\u00ed, i el Club col\u00b7labora amb un projecte de sensibilitzaci\u00f3 al voltant de l&#8217;activitat f\u00edsica i la salut mental. Aquest projecte pret\u00e9n promocionar l&#8217;activitat f\u00edsica com a instrument de millora de la salut mental, afavorir la integraci\u00f3 social dels col\u00b7lectius amb malaltia mental greu i visibilitzar la malaltia mental i lluitar contra l\u201festigma que porta aparellada.<\/p>\n<p>M\u00e9s de 5.000 persones s&#8217;han beneficiat d&#8217;aquest projecte des de la seva posada en marxa el 2018. Pintades de mural, xerrades, espots i entrevistes de sensibilitzaci\u00f3 s\u00f3n algunes de les accions desenvolupades tant a Menorca com <a href=\"http:\/\/hestiafundacion.org\/ca\/mes-de-200-persones-participen-a-cartagena-en-les-xerrades-matealestigma\/\">fora de Menorca<\/a> i en col\u00b7laboraci\u00f3 amb gaireb\u00e9 un centenar de clubs de b\u00e0squet, centres educatius, empreses i associacions vinculades al col\u00b7lectiu de salut mental.<\/p>\n<p><img loading=\"lazy\" class=\"alignnone size-large wp-image-6506\" src=\"http:\/\/hestiafundacion.org\/wp-content\/uploads\/2025\/02\/IMG_4602-1024x683.jpg\" alt=\"\" width=\"1024\" height=\"683\" srcset=\"http:\/\/hestiafundacion.org\/wp-content\/uploads\/2025\/02\/IMG_4602-1024x683.jpg 1024w, http:\/\/hestiafundacion.org\/wp-content\/uploads\/2025\/02\/IMG_4602-300x200.jpg 300w, http:\/\/hestiafundacion.org\/wp-content\/uploads\/2025\/02\/IMG_4602-768x512.jpg 768w, http:\/\/hestiafundacion.org\/wp-content\/uploads\/2025\/02\/IMG_4602-1536x1024.jpg 1536w, http:\/\/hestiafundacion.org\/wp-content\/uploads\/2025\/02\/IMG_4602-2048x1365.jpg 2048w, http:\/\/hestiafundacion.org\/wp-content\/uploads\/2025\/02\/IMG_4602-700x467.jpg 700w\" sizes=\"(max-width: 1024px) 100vw, 1024px\" \/><\/p>\n","protected":false},"excerpt":{"rendered":"<p>#MatealEstigma, el projecte de sensibilitzaci\u00f3 sobre activitat f\u00edsica i salut mental que promou Fundaci\u00f3 H\u00e8stia en el marc del patrocini del Club B\u00e0squet Menorca, arriba a Burgos. Un centenar d&#8217;alumnes i professorat de Tercer i Quart Secund\u00e0ria del col\u00b7legi Sagrat Cor de Jes\u00fas de la&#8230;<\/p>\n","protected":false},"author":3,"featured_media":6502,"comment_status":"open","ping_status":"open","sticky":false,"template":"","format":"standard","meta":[],"categories":[210,212],"tags":[],"_links":{"self":[{"href":"http:\/\/hestiafundacion.org\/ca\/wp-json\/wp\/v2\/posts\/6508\/"}],"collection":[{"href":"http:\/\/hestiafundacion.org\/ca\/wp-json\/wp\/v2\/posts\/"}],"about":[{"href":"http:\/\/hestiafundacion.org\/ca\/wp-json\/wp\/v2\/types\/post\/"}],"author":[{"embeddable":true,"href":"http:\/\/hestiafundacion.org\/ca\/wp-json\/wp\/v2\/users\/3\/"}],"replies":[{"embeddable":true,"href":"http:\/\/hestiafundacion.org\/ca\/wp-json\/wp\/v2\/comments\/?post=6508"}],"version-history":[{"count":1,"href":"http:\/\/hestiafundacion.org\/ca\/wp-json\/wp\/v2\/posts\/6508\/revisions\/"}],"predecessor-version":[{"id":6509,"href":"http:\/\/hestiafundacion.org\/ca\/wp-json\/wp\/v2\/posts\/6508\/revisions\/6509\/"}],"wp:featuredmedia":[{"embeddable":true,"href":"http:\/\/hestiafundacion.org\/ca\/wp-json\/wp\/v2\/media\/6502\/"}],"wp:attachment":[{"href":"http:\/\/hestiafundacion.org\/ca\/wp-json\/wp\/v2\/media\/?parent=6508"}],"wp:term":[{"taxonomy":"category","embeddable":true,"href":"http:\/\/hestiafundacion.org\/ca\/wp-json\/wp\/v2\/categories\/?post=6508"},{"taxonomy":"post_tag","embeddable":true,"href":"http:\/\/hestiafundacion.org\/ca\/wp-json\/wp\/v2\/tags\/?post=6508"}],"curies":[{"name":"wp","href":"https:\/\/api.w.org\/{rel}","templated":true}]}}