{"id":6635,"date":"2025-05-01T11:27:05","date_gmt":"2025-05-01T09:27:05","guid":{"rendered":"http:\/\/hestiafundacion.org\/?p=6635"},"modified":"2025-05-01T11:27:05","modified_gmt":"2025-05-01T09:27:05","slug":"practica-periodistica-i-matealestigma-amb-el-ceip-maria-lluisa-serra","status":"publish","type":"post","link":"http:\/\/hestiafundacion.org\/ca\/practica-periodistica-i-matealestigma-amb-el-ceip-maria-lluisa-serra\/","title":{"rendered":"Pr\u00e0ctica period\u00edstica i #MatealEstigma amb el CEIP Maria Llu\u00efsa Serra"},"content":{"rendered":"<p>Nova col\u00b7lecci\u00f3 de somriures i emocions a la visita del <strong>CEIP Maria Llu\u00efsa Serra<\/strong> de Ma\u00f3 a Bintaufa, seu de l&#8217;Hestia Menorca, equip de b\u00e0squet de Primera FEB que patrocina Fundaci\u00f3 H\u00e8stia. Un grup de Segon de Prim\u00e0ria es va acostar al Pavell\u00f3 Menorca aquest dimecres, 30 d&#8217;abril, dins el marc d&#8217;un projecte sobre les entrevistes. La idea inicial de poder fer preguntes a alguns jugadors de l&#8217;equip es va ampliar fins a convertir-se en un nou <strong>#MatealEstigma<\/strong>. Aix\u00ed, l&#8217;alumnat, i les dues mestres que l&#8217;acompanyaven, van tornar a l&#8217;escola amb la seva pr\u00e0ctica period\u00edstica realitzada (i enriquida per la pres\u00e8ncia d&#8217;un equip de RTVE Balears) i amb m\u00e9s coneixement del projecte esportiu i social del Club, en qu\u00e8 destaca la sensibilitzaci\u00f3 sobre salut mental i h\u00e0bits de vida saludable impulsada juntament amb la Fundaci\u00f3 Hestia.<\/p>\n<p>La matinal va comen\u00e7ar cap a les 10 del mat\u00ed quan el grup va ser rebut pels responsables de Comunicaci\u00f3 de l&#8217;Hestia Menorca. En accedir al pavell\u00f3, a peu de pista, entrevistaven Javier Zamora, un aperitiu del que va passar seguidament a la sala de premsa. Els jugadors <strong>V\u00edctor Arteaga, Pol Figueras i Pol Molins<\/strong> van atendre les preguntes que havien preparat nens i nenes just abans d&#8217;incorporar-se a l&#8217;entrenament. Tot seguit, el grup -molt atent i participatiu durant tota l&#8217;activitat- va rec\u00f3rrer les instal\u00b7lacions, un recorregut que va ser aprofitat per explicar q\u00fcestions relatives a la construcci\u00f3 del pavell\u00f3 i la fundaci\u00f3 del Club, aix\u00ed com al car\u00e0cter col\u00b7lectiu del projecte, que compta amb un miler llarg de socis, patrocinadors i col\u00b7laboradors, majorit\u00e0riament locals.<\/p>\n<p>Els diferents elements al\u00b7lusius al #MatealEstigma que esquitxen el pavell\u00f3 van servir per introduir el concepte de salut mental i les recomanacions per a la cura del benestar emocional, q\u00fcestions en qu\u00e8 el grup va fer aportacions excel\u00b7lents. La visita va concloure amb nens i nens asseguts a les grades per gaudir d&#8217;una estona de l&#8217;entrenament de l&#8217;equip. En acabar, la satisfacci\u00f3 era m\u00e9s que evident entre tots els participants, tamb\u00e9 entre els representants de l&#8217;<a href=\"http:\/\/basquetmenorca.com\">Hestia Menorca<\/a>. <em>\u00abUna vegada m\u00e9s- i ja en s\u00f3n nou aquesta temporada- l&#8217;aposta del Club i els centres educatius d&#8217;usar l&#8217;esport com a eina per a l&#8217;educaci\u00f3 en valors i la sensibilitzaci\u00f3 en salut mental s&#8217;ha revelat com atractiva i efica\u00e7. #MatealEstigma segueix sumant beneficiaris i aix\u00f2 d\u00f3na sentit a la col\u00b7laboraci\u00f3 que mantenen Club i <a href=\"http:\/\/hestiafundacion.org\">Fundaci\u00f3 Hestia<\/a> des del 2018\u00bb<\/em>, afirmen els responsables d&#8217;aquest projecte de sensibilitzaci\u00f3.<\/p>\n<p><img loading=\"lazy\" class=\"alignnone wp-image-6626 size-medium\" src=\"http:\/\/hestiafundacion.org\/wp-content\/uploads\/2025\/05\/DSC03771-300x200.jpg\" alt=\"\" width=\"300\" height=\"200\" srcset=\"http:\/\/hestiafundacion.org\/wp-content\/uploads\/2025\/05\/DSC03771-300x200.jpg 300w, http:\/\/hestiafundacion.org\/wp-content\/uploads\/2025\/05\/DSC03771-1024x683.jpg 1024w, http:\/\/hestiafundacion.org\/wp-content\/uploads\/2025\/05\/DSC03771-768x512.jpg 768w, http:\/\/hestiafundacion.org\/wp-content\/uploads\/2025\/05\/DSC03771-1536x1024.jpg 1536w, http:\/\/hestiafundacion.org\/wp-content\/uploads\/2025\/05\/DSC03771-2048x1365.jpg 2048w, http:\/\/hestiafundacion.org\/wp-content\/uploads\/2025\/05\/DSC03771-700x467.jpg 700w\" sizes=\"(max-width: 300px) 100vw, 300px\" \/><img loading=\"lazy\" class=\"alignnone wp-image-6628 size-medium\" src=\"http:\/\/hestiafundacion.org\/wp-content\/uploads\/2025\/05\/DSC03806-300x200.jpg\" alt=\"\" width=\"300\" height=\"200\" srcset=\"http:\/\/hestiafundacion.org\/wp-content\/uploads\/2025\/05\/DSC03806-300x200.jpg 300w, http:\/\/hestiafundacion.org\/wp-content\/uploads\/2025\/05\/DSC03806-1024x683.jpg 1024w, http:\/\/hestiafundacion.org\/wp-content\/uploads\/2025\/05\/DSC03806-768x512.jpg 768w, http:\/\/hestiafundacion.org\/wp-content\/uploads\/2025\/05\/DSC03806-1536x1024.jpg 1536w, http:\/\/hestiafundacion.org\/wp-content\/uploads\/2025\/05\/DSC03806-2048x1365.jpg 2048w, http:\/\/hestiafundacion.org\/wp-content\/uploads\/2025\/05\/DSC03806-700x467.jpg 700w\" sizes=\"(max-width: 300px) 100vw, 300px\" \/><img loading=\"lazy\" class=\"alignnone wp-image-6630 size-medium\" src=\"http:\/\/hestiafundacion.org\/wp-content\/uploads\/2025\/05\/DSC03873-300x200.jpg\" alt=\"\" width=\"300\" height=\"200\" srcset=\"http:\/\/hestiafundacion.org\/wp-content\/uploads\/2025\/05\/DSC03873-300x200.jpg 300w, http:\/\/hestiafundacion.org\/wp-content\/uploads\/2025\/05\/DSC03873-1024x683.jpg 1024w, http:\/\/hestiafundacion.org\/wp-content\/uploads\/2025\/05\/DSC03873-768x512.jpg 768w, http:\/\/hestiafundacion.org\/wp-content\/uploads\/2025\/05\/DSC03873-1536x1024.jpg 1536w, http:\/\/hestiafundacion.org\/wp-content\/uploads\/2025\/05\/DSC03873-2048x1365.jpg 2048w, http:\/\/hestiafundacion.org\/wp-content\/uploads\/2025\/05\/DSC03873-700x467.jpg 700w\" sizes=\"(max-width: 300px) 100vw, 300px\" \/><img loading=\"lazy\" class=\"alignnone wp-image-6632 size-medium\" src=\"http:\/\/hestiafundacion.org\/wp-content\/uploads\/2025\/05\/DSC03914-300x200.jpg\" alt=\"\" width=\"300\" height=\"200\" srcset=\"http:\/\/hestiafundacion.org\/wp-content\/uploads\/2025\/05\/DSC03914-300x200.jpg 300w, http:\/\/hestiafundacion.org\/wp-content\/uploads\/2025\/05\/DSC03914-1024x683.jpg 1024w, http:\/\/hestiafundacion.org\/wp-content\/uploads\/2025\/05\/DSC03914-768x512.jpg 768w, http:\/\/hestiafundacion.org\/wp-content\/uploads\/2025\/05\/DSC03914-1536x1024.jpg 1536w, http:\/\/hestiafundacion.org\/wp-content\/uploads\/2025\/05\/DSC03914-2048x1365.jpg 2048w, http:\/\/hestiafundacion.org\/wp-content\/uploads\/2025\/05\/DSC03914-700x467.jpg 700w\" sizes=\"(max-width: 300px) 100vw, 300px\" \/><\/p>\n","protected":false},"excerpt":{"rendered":"<p>Nova col\u00b7lecci\u00f3 de somriures i emocions a la visita del CEIP Maria Llu\u00efsa Serra de Ma\u00f3 a Bintaufa, seu de l&#8217;Hestia Menorca, equip de b\u00e0squet de Primera FEB que patrocina Fundaci\u00f3 H\u00e8stia. Un grup de Segon de Prim\u00e0ria es va acostar al Pavell\u00f3 Menorca aquest&#8230;<\/p>\n","protected":false},"author":3,"featured_media":6624,"comment_status":"open","ping_status":"open","sticky":false,"template":"","format":"standard","meta":[],"categories":[32,210,129,211,212,135,30],"tags":[],"_links":{"self":[{"href":"http:\/\/hestiafundacion.org\/ca\/wp-json\/wp\/v2\/posts\/6635\/"}],"collection":[{"href":"http:\/\/hestiafundacion.org\/ca\/wp-json\/wp\/v2\/posts\/"}],"about":[{"href":"http:\/\/hestiafundacion.org\/ca\/wp-json\/wp\/v2\/types\/post\/"}],"author":[{"embeddable":true,"href":"http:\/\/hestiafundacion.org\/ca\/wp-json\/wp\/v2\/users\/3\/"}],"replies":[{"embeddable":true,"href":"http:\/\/hestiafundacion.org\/ca\/wp-json\/wp\/v2\/comments\/?post=6635"}],"version-history":[{"count":1,"href":"http:\/\/hestiafundacion.org\/ca\/wp-json\/wp\/v2\/posts\/6635\/revisions\/"}],"predecessor-version":[{"id":6636,"href":"http:\/\/hestiafundacion.org\/ca\/wp-json\/wp\/v2\/posts\/6635\/revisions\/6636\/"}],"wp:featuredmedia":[{"embeddable":true,"href":"http:\/\/hestiafundacion.org\/ca\/wp-json\/wp\/v2\/media\/6624\/"}],"wp:attachment":[{"href":"http:\/\/hestiafundacion.org\/ca\/wp-json\/wp\/v2\/media\/?parent=6635"}],"wp:term":[{"taxonomy":"category","embeddable":true,"href":"http:\/\/hestiafundacion.org\/ca\/wp-json\/wp\/v2\/categories\/?post=6635"},{"taxonomy":"post_tag","embeddable":true,"href":"http:\/\/hestiafundacion.org\/ca\/wp-json\/wp\/v2\/tags\/?post=6635"}],"curies":[{"name":"wp","href":"https:\/\/api.w.org\/{rel}","templated":true}]}}