{"id":6671,"date":"2025-05-26T10:16:31","date_gmt":"2025-05-26T08:16:31","guid":{"rendered":"http:\/\/hestiafundacion.org\/?p=6671"},"modified":"2025-05-26T13:53:00","modified_gmt":"2025-05-26T11:53:00","slug":"fundacion-hestia-anticipa-el-verano-en-sitges","status":"publish","type":"post","link":"http:\/\/hestiafundacion.org\/ca\/fundacion-hestia-anticipa-el-verano-en-sitges\/","title":{"rendered":"Fundaci\u00f3n Hestia anticipa l&#8217;estiu a Sitges"},"content":{"rendered":"<p>Cultura i gaudi a la vora del mar. <strong>Fundaci\u00f3 Hestia<\/strong> va anticipar l&#8217;estiu amb una sortida cultural a Sitges el 6 de maig passat.Un grup de persones usu\u00e0ries i professionals acompanyants es van despla\u00e7ar a la localitat costanera per con\u00e8ixer-la millor i visitar el Museu de Maricel.<\/p>\n<p>En aquesta visita, el grup va comptar amb el suport d\u00b4un guia d\u00b4aquest museu, que mostra un itinerari art\u00edstic complet des del segle X fins al realisme i la figuraci\u00f3 de la primera meitat del segle XX. Despr\u00e9s de rec\u00f3rrer l&#8217;espai muse\u00edstic, es va fer una passejada pel centre del poble i es va menjar a la terrassa d&#8217;un bar.<\/p>\n<p><em>\u00abEra una activitat molt demanada pels participants des de feia temps. Sitges \u00e9s una destinaci\u00f3 que genera molt d&#8217;inter\u00e8s pel seu entorn i ambient i, aprofitant aquesta sortida, vam voler complementar el passeig amb una visita cultural al Museu de Maricel. D&#8217;aquesta manera, a m\u00e9s a m\u00e9s de gaudir del dia fora, van poder aprendre m\u00e9s sobre la hist\u00f2ria\u00bb<\/em>, expliquen des de <a href=\"http:\/\/hestiafundacio.org\">Fundaci\u00f3 Hestia.<\/a><\/p>\n<p>Els seus professionals incideixen, a m\u00e9s, en com l&#8217;activitat serveix<em> \u00abper fomentar el benestar emocional, la participaci\u00f3 social i l&#8217;acc\u00e9s a la cultura entre les persones participants del projecte\u00bb<\/em>, persones que tamb\u00e9 s&#8217;hi mostren satisfetes. <em>\u00abM&#8217;ha agradat molt veure el museu i escoltar les explicacions<\/em>\u00bb, <em>\u00abfeia temps que no passejava per un lloc tan bonic\u00bb<\/em> o <em>\u00abm&#8217;ha fet sentir molt b\u00e9 sortir i compartir aquest moment amb els companys\u00bb<\/em>, en s\u00f3n algunes de les valoracions.<\/p>\n<p><img loading=\"lazy\" class=\"alignnone wp-image-6688\" src=\"http:\/\/hestiafundacion.org\/wp-content\/uploads\/2025\/05\/Foto-Sitges-Esglesia-768x1024.jpg\" alt=\"\" width=\"250\" height=\"333\" srcset=\"http:\/\/hestiafundacion.org\/wp-content\/uploads\/2025\/05\/Foto-Sitges-Esglesia-768x1024.jpg 768w, http:\/\/hestiafundacion.org\/wp-content\/uploads\/2025\/05\/Foto-Sitges-Esglesia-225x300.jpg 225w, http:\/\/hestiafundacion.org\/wp-content\/uploads\/2025\/05\/Foto-Sitges-Esglesia-1152x1536.jpg 1152w, http:\/\/hestiafundacion.org\/wp-content\/uploads\/2025\/05\/Foto-Sitges-Esglesia-600x800.jpg 600w, http:\/\/hestiafundacion.org\/wp-content\/uploads\/2025\/05\/Foto-Sitges-Esglesia-700x933.jpg 700w, http:\/\/hestiafundacion.org\/wp-content\/uploads\/2025\/05\/Foto-Sitges-Esglesia.jpg 1200w\" sizes=\"(max-width: 250px) 100vw, 250px\" \/><img loading=\"lazy\" class=\"alignnone wp-image-6693\" src=\"http:\/\/hestiafundacion.org\/wp-content\/uploads\/2025\/05\/Foto-Museu-Sitges-768x1024.jpg\" alt=\"\" width=\"250\" height=\"333\" srcset=\"http:\/\/hestiafundacion.org\/wp-content\/uploads\/2025\/05\/Foto-Museu-Sitges-768x1024.jpg 768w, http:\/\/hestiafundacion.org\/wp-content\/uploads\/2025\/05\/Foto-Museu-Sitges-225x300.jpg 225w, http:\/\/hestiafundacion.org\/wp-content\/uploads\/2025\/05\/Foto-Museu-Sitges-1152x1536.jpg 1152w, http:\/\/hestiafundacion.org\/wp-content\/uploads\/2025\/05\/Foto-Museu-Sitges-600x800.jpg 600w, http:\/\/hestiafundacion.org\/wp-content\/uploads\/2025\/05\/Foto-Museu-Sitges-700x933.jpg 700w, http:\/\/hestiafundacion.org\/wp-content\/uploads\/2025\/05\/Foto-Museu-Sitges.jpg 1200w\" sizes=\"(max-width: 250px) 100vw, 250px\" \/><\/p>\n<p><img loading=\"lazy\" class=\"alignnone wp-image-6676\" src=\"http:\/\/hestiafundacion.org\/wp-content\/uploads\/2025\/05\/Captura-de-pantalla-2025-05-26-a-las-10.11.25.png\" alt=\"\" width=\"250\" height=\"381\" srcset=\"http:\/\/hestiafundacion.org\/wp-content\/uploads\/2025\/05\/Captura-de-pantalla-2025-05-26-a-las-10.11.25.png 399w, http:\/\/hestiafundacion.org\/wp-content\/uploads\/2025\/05\/Captura-de-pantalla-2025-05-26-a-las-10.11.25-197x300.png 197w\" sizes=\"(max-width: 250px) 100vw, 250px\" \/><img loading=\"lazy\" class=\"alignnone wp-image-6674\" src=\"http:\/\/hestiafundacion.org\/wp-content\/uploads\/2025\/05\/Captura-de-pantalla-2025-05-26-a-las-10.11.50.png\" alt=\"\" width=\"250\" height=\"381\" srcset=\"http:\/\/hestiafundacion.org\/wp-content\/uploads\/2025\/05\/Captura-de-pantalla-2025-05-26-a-las-10.11.50.png 399w, http:\/\/hestiafundacion.org\/wp-content\/uploads\/2025\/05\/Captura-de-pantalla-2025-05-26-a-las-10.11.50-197x300.png 197w\" sizes=\"(max-width: 250px) 100vw, 250px\" \/><\/p>\n<h5 style=\"font-weight: 400;\">Museu de Maricel<\/h5>\n<p><img loading=\"lazy\" class=\"wp-image-6678 alignright\" src=\"http:\/\/hestiafundacion.org\/wp-content\/uploads\/2025\/05\/Captura-de-pantalla-2025-05-26-a-las-10.11.13.png\" alt=\"\" width=\"180\" height=\"274\" srcset=\"http:\/\/hestiafundacion.org\/wp-content\/uploads\/2025\/05\/Captura-de-pantalla-2025-05-26-a-las-10.11.13.png 399w, http:\/\/hestiafundacion.org\/wp-content\/uploads\/2025\/05\/Captura-de-pantalla-2025-05-26-a-las-10.11.13-197x300.png 197w\" sizes=\"(max-width: 180px) 100vw, 180px\" \/><\/p>\n<p>El conjunt art\u00edstic i monumental va ser constru\u00eft entre el 1910 i el 1918 per l&#8217;artista i enginyer Miquel Utrillo per enc\u00e0rrec de Charles Deering. El magnat, col\u00b7leccionista i filantrop nord-americ\u00e0 volia una resid\u00e8ncia amb totes les comoditats per a ell i les seves obres.<\/p>\n<p>Utrillo va complir amb l&#8217;enc\u00e0rrec a la perfecci\u00f3, si b\u00e9 les desavinences amb el seu patr\u00f3 van motivar la partida de Deering de Sitges i el desmantellament del complex arquitect\u00f2nic, que va passar per diversos usos, impulsats tant per l&#8217;Ajuntament sitget\u00e0 com per la Diputaci\u00f3 de Barcelona.<\/p>\n<p>Des del 2012, el complex Maricel s&#8217;ha reorientat cap a la reconstituci\u00f3 i recuperaci\u00f3 de la unitat arquitect\u00f2nica i conceptual, a la qual ha contribu\u00eft la reordenaci\u00f3 museogr\u00e0fica duta a terme al <a href=\"https:\/\/museusdesitges.cat\/es\/museo\/maricel\/museo-de-maricel\">Museu de Maricel<\/a>. Aquest acull actualment les col\u00b7leccions d&#8217;Art de la Vila de Sitges i la del Dr. Jes\u00fas P\u00e9rez Rosales.<\/p>\n<p style=\"font-weight: 400;\">\n","protected":false},"excerpt":{"rendered":"<p>Cultura i gaudi a la vora del mar. Fundaci\u00f3 Hestia va anticipar l&#8217;estiu amb una sortida cultural a Sitges el 6 de maig passat.Un grup de persones usu\u00e0ries i professionals acompanyants es van despla\u00e7ar a la localitat costanera per con\u00e8ixer-la millor i visitar el Museu&#8230;<\/p>\n","protected":false},"author":3,"featured_media":6690,"comment_status":"open","ping_status":"open","sticky":false,"template":"","format":"standard","meta":[],"categories":[203,245],"tags":[],"_links":{"self":[{"href":"http:\/\/hestiafundacion.org\/ca\/wp-json\/wp\/v2\/posts\/6671\/"}],"collection":[{"href":"http:\/\/hestiafundacion.org\/ca\/wp-json\/wp\/v2\/posts\/"}],"about":[{"href":"http:\/\/hestiafundacion.org\/ca\/wp-json\/wp\/v2\/types\/post\/"}],"author":[{"embeddable":true,"href":"http:\/\/hestiafundacion.org\/ca\/wp-json\/wp\/v2\/users\/3\/"}],"replies":[{"embeddable":true,"href":"http:\/\/hestiafundacion.org\/ca\/wp-json\/wp\/v2\/comments\/?post=6671"}],"version-history":[{"count":5,"href":"http:\/\/hestiafundacion.org\/ca\/wp-json\/wp\/v2\/posts\/6671\/revisions\/"}],"predecessor-version":[{"id":6697,"href":"http:\/\/hestiafundacion.org\/ca\/wp-json\/wp\/v2\/posts\/6671\/revisions\/6697\/"}],"wp:featuredmedia":[{"embeddable":true,"href":"http:\/\/hestiafundacion.org\/ca\/wp-json\/wp\/v2\/media\/6690\/"}],"wp:attachment":[{"href":"http:\/\/hestiafundacion.org\/ca\/wp-json\/wp\/v2\/media\/?parent=6671"}],"wp:term":[{"taxonomy":"category","embeddable":true,"href":"http:\/\/hestiafundacion.org\/ca\/wp-json\/wp\/v2\/categories\/?post=6671"},{"taxonomy":"post_tag","embeddable":true,"href":"http:\/\/hestiafundacion.org\/ca\/wp-json\/wp\/v2\/tags\/?post=6671"}],"curies":[{"name":"wp","href":"https:\/\/api.w.org\/{rel}","templated":true}]}}