{"id":6994,"date":"2025-11-15T15:31:11","date_gmt":"2025-11-15T13:31:11","guid":{"rendered":"http:\/\/hestiafundacion.org\/?p=6994"},"modified":"2025-12-15T15:40:15","modified_gmt":"2025-12-15T13:40:15","slug":"la-sagrada-familia-enlluerna-les-persones-usuaries-de-fundacio-hestia","status":"publish","type":"post","link":"http:\/\/hestiafundacion.org\/ca\/la-sagrada-familia-enlluerna-les-persones-usuaries-de-fundacio-hestia\/","title":{"rendered":"La Sagrada Fam\u00edlia enlluerna les persones usu\u00e0ries de Fundaci\u00f3 Hestia"},"content":{"rendered":"<p>Un recorregut per un dels s\u00edmbols de Barcelona i una nova oportunitat per enfortir vincles. El passat 4 de novembre, un grup d&#8217;usuaris i professionals de la Fundaci\u00f3 Hestia va participar en una visita guiada a la Sagrada Fam\u00edlia de Barcelona, \u200b\u200bactivitat que va culminar amb un esmorzar compartit.<\/p>\n<p>La sortida responia a una demanda expressada per persones usu\u00e0ries a principis d&#8217;any. Aleshotes, van comentar que mai no havien visitat l&#8217;interior del temple, tot i haver viscut sempre a Barcelona. Dit i fet. L&#8217;activitat els va permetre con\u00e8ixer de prop un dels monuments m\u00e9s emblem\u00e0tics de la ciutat i aprofundir-ne en la hist\u00f2ria i l&#8217;arquitectura.<\/p>\n<p>Durant el recorregut, el grup va descobrir els detalls de l\u00b4obra d\u00b4Antoni Gaud\u00ed, especialment l\u00b4interior del temple i la lluminositat dels vitralls. Aix\u00ed, ho destacaven dos dels participants. <em>\u00abM&#8217;ha encantat, sobretot la part interior amb tanta llum dels vitralls\u00bb<\/em>, explicava C.M.S. Per la seva banda, J.B. subratllava \u00ab<em>no m&#8217;esperava que la Sagrada Fam\u00edlia tingu\u00e9s tanta hist\u00f2ria als detalls arquitect\u00f2nics\u00bb.<\/em><\/p>\n<p>Des de la Fundaci\u00f3, l&#8217;equip de suport incidia en la valoraci\u00f3 positiva d&#8217;aquest tipus d&#8217;activitats. \u00ab<em>Contribueixen a l&#8217;enriquiment cultural de les persones usu\u00e0ries i fomenten espais de relaci\u00f3, conviv\u00e8ncia i participaci\u00f3 activa a la vida cultural de la ciutat\u00bb.<\/em><\/p>\n<h5>Cultura i comunitat<\/h5>\n<p>La celebraci\u00f3 de sortides culturals forma part de la l\u00ednia de treball de la Fundaci\u00f3 Hestia. Suposa apropar el patrimoni i els espais culturals de Barcelona a les persones usu\u00e0ries, tot promovent la inclusi\u00f3 social i el benestar a trav\u00e9s de la cultura compartida. La de la <a href=\"https:\/\/sagradafamilia.org\">Sagrada Fam\u00edlia<\/a> \u00e9s la quarta d&#8217;aquestes sortides culturals aquest any despr\u00e9s de les visites a l&#8217;exposici\u00f3 de <a href=\"http:\/\/hestiafundacion.org\/ca\/fundacio-hestia-tras-les-passes-de-jules-verne\/\">Jules Verne<\/a>, <a href=\"http:\/\/hestiafundacion.org\/ca\/fundacion-hestia-anticipa-el-verano-en-sitges\/\">Sitges<\/a> i el <a href=\"http:\/\/hestiafundacion.org\/ca\/un-inici-de-curs-dallo-mes-meloman\/\">Gran Teatre del Liceu.<\/a><\/p>\n<p><img loading=\"lazy\" class=\"alignnone size-large wp-image-7008\" src=\"http:\/\/hestiafundacion.org\/wp-content\/uploads\/2025\/12\/WhatsApp-Image-2025-11-04-at-12.44.52-1-768x1024.jpeg\" alt=\"\" width=\"768\" height=\"1024\" srcset=\"http:\/\/hestiafundacion.org\/wp-content\/uploads\/2025\/12\/WhatsApp-Image-2025-11-04-at-12.44.52-1-768x1024.jpeg 768w, http:\/\/hestiafundacion.org\/wp-content\/uploads\/2025\/12\/WhatsApp-Image-2025-11-04-at-12.44.52-1-225x300.jpeg 225w, http:\/\/hestiafundacion.org\/wp-content\/uploads\/2025\/12\/WhatsApp-Image-2025-11-04-at-12.44.52-1-1152x1536.jpeg 1152w, http:\/\/hestiafundacion.org\/wp-content\/uploads\/2025\/12\/WhatsApp-Image-2025-11-04-at-12.44.52-1-600x800.jpeg 600w, http:\/\/hestiafundacion.org\/wp-content\/uploads\/2025\/12\/WhatsApp-Image-2025-11-04-at-12.44.52-1-700x933.jpeg 700w, http:\/\/hestiafundacion.org\/wp-content\/uploads\/2025\/12\/WhatsApp-Image-2025-11-04-at-12.44.52-1.jpeg 1200w\" sizes=\"(max-width: 768px) 100vw, 768px\" \/> \u00a0<img loading=\"lazy\" class=\"alignnone size-large wp-image-7004\" src=\"http:\/\/hestiafundacion.org\/wp-content\/uploads\/2025\/12\/WhatsApp-Image-2025-11-04-at-12.44.35-768x1024.jpeg\" alt=\"\" width=\"768\" height=\"1024\" srcset=\"http:\/\/hestiafundacion.org\/wp-content\/uploads\/2025\/12\/WhatsApp-Image-2025-11-04-at-12.44.35-768x1024.jpeg 768w, http:\/\/hestiafundacion.org\/wp-content\/uploads\/2025\/12\/WhatsApp-Image-2025-11-04-at-12.44.35-225x300.jpeg 225w, http:\/\/hestiafundacion.org\/wp-content\/uploads\/2025\/12\/WhatsApp-Image-2025-11-04-at-12.44.35-1152x1536.jpeg 1152w, http:\/\/hestiafundacion.org\/wp-content\/uploads\/2025\/12\/WhatsApp-Image-2025-11-04-at-12.44.35-600x800.jpeg 600w, http:\/\/hestiafundacion.org\/wp-content\/uploads\/2025\/12\/WhatsApp-Image-2025-11-04-at-12.44.35-700x933.jpeg 700w, http:\/\/hestiafundacion.org\/wp-content\/uploads\/2025\/12\/WhatsApp-Image-2025-11-04-at-12.44.35.jpeg 1536w\" sizes=\"(max-width: 768px) 100vw, 768px\" \/><\/p>\n","protected":false},"excerpt":{"rendered":"<p>Un recorregut per un dels s\u00edmbols de Barcelona i una nova oportunitat per enfortir vincles. El passat 4 de novembre, un grup d&#8217;usuaris i professionals de la Fundaci\u00f3 Hestia va participar en una visita guiada a la Sagrada Fam\u00edlia de Barcelona, \u200b\u200bactivitat que va culminar&#8230;<\/p>\n","protected":false},"author":3,"featured_media":6996,"comment_status":"open","ping_status":"open","sticky":false,"template":"","format":"standard","meta":[],"categories":[203,48,5,245],"tags":[],"_links":{"self":[{"href":"http:\/\/hestiafundacion.org\/ca\/wp-json\/wp\/v2\/posts\/6994\/"}],"collection":[{"href":"http:\/\/hestiafundacion.org\/ca\/wp-json\/wp\/v2\/posts\/"}],"about":[{"href":"http:\/\/hestiafundacion.org\/ca\/wp-json\/wp\/v2\/types\/post\/"}],"author":[{"embeddable":true,"href":"http:\/\/hestiafundacion.org\/ca\/wp-json\/wp\/v2\/users\/3\/"}],"replies":[{"embeddable":true,"href":"http:\/\/hestiafundacion.org\/ca\/wp-json\/wp\/v2\/comments\/?post=6994"}],"version-history":[{"count":3,"href":"http:\/\/hestiafundacion.org\/ca\/wp-json\/wp\/v2\/posts\/6994\/revisions\/"}],"predecessor-version":[{"id":7017,"href":"http:\/\/hestiafundacion.org\/ca\/wp-json\/wp\/v2\/posts\/6994\/revisions\/7017\/"}],"wp:featuredmedia":[{"embeddable":true,"href":"http:\/\/hestiafundacion.org\/ca\/wp-json\/wp\/v2\/media\/6996\/"}],"wp:attachment":[{"href":"http:\/\/hestiafundacion.org\/ca\/wp-json\/wp\/v2\/media\/?parent=6994"}],"wp:term":[{"taxonomy":"category","embeddable":true,"href":"http:\/\/hestiafundacion.org\/ca\/wp-json\/wp\/v2\/categories\/?post=6994"},{"taxonomy":"post_tag","embeddable":true,"href":"http:\/\/hestiafundacion.org\/ca\/wp-json\/wp\/v2\/tags\/?post=6994"}],"curies":[{"name":"wp","href":"https:\/\/api.w.org\/{rel}","templated":true}]}}