{"id":7472,"date":"2026-09-01T08:14:49","date_gmt":"2026-09-01T06:14:49","guid":{"rendered":"http:\/\/hestiafundacion.org\/?p=7472"},"modified":"2026-09-01T08:14:49","modified_gmt":"2026-09-01T06:14:49","slug":"la-fundacio-hestia-descobreix-barcelona-des-del-mirador-de-torre-glories","status":"publish","type":"post","link":"http:\/\/hestiafundacion.org\/ca\/la-fundacio-hestia-descobreix-barcelona-des-del-mirador-de-torre-glories\/","title":{"rendered":"La Fundaci\u00f3 Hestia descobreix Barcelona des del Mirador de Torre Gl\u00f2ries"},"content":{"rendered":"<p>Cultura i sensacions, mirar i admirar. El 17 d&#8217;agost passat, un grup redu\u00eft de persones usu\u00e0ries de la <strong>Fundaci\u00f3 Hestia<\/strong> va gaudir d&#8217;una jornada molt especial. Va fer una visita al museu explicatiu sobre la cultura i la naturalesa de Barcelona, \u200b\u200bseguida de la pujada al Mirador de Torre Gl\u00f2ries (Torre Agbar).<\/p>\n<p>La sortida, que es va iniciar a les 10 del mat\u00ed, va combinar cultura i sensacions. A trav\u00e9s d&#8217;una exposici\u00f3 interactiva, els assistents van con\u00e8ixer Barcelona des d&#8217;angles in\u00e8dits \u2014la seva hist\u00f2ria, naturalesa urbana i clima\u2014. A m\u00e9s, van gaudir de les vistes panor\u00e0miques de 360 \u200b\u200bgraus que ofereix el mirador, tota una experi\u00e8ncia sensorial.<\/p>\n<p>En aquesta ocasi\u00f3, el grup va ser m\u00e9s redu\u00eft del que \u00e9s habitual, ja que diverses persones usu\u00e0ries manifestaven certa por a les altures. Tot i aix\u00f2, qui es va animar a pujar, va participar activament en la part m\u00e9s din\u00e0mica de l&#8217;exposici\u00f3 i va sortir amb un somriure. <em>\u00abHe pogut veure el barri on visc des d&#8217;un lloc que no havia vist mai. Sempre havia passat per la Torre Agbar, per\u00f2 no havia pujat mai\u00bb<\/em>, explica Ana Funes, una de les participants de la sortida, resumint aix\u00ed la seva experi\u00e8ncia al mirador.<\/p>\n<h4>Espais d&#8217;aprenentatge i lleure estimulants<\/h4>\n<p>Cal remarcar que l\u201factivitat t\u00e9 com a objectiu fomentar la inclusi\u00f3 cultural i oferir un espai d\u201faprenentatge sobre la ciutat. \u00c9s una de les que integra la programaci\u00f3 d&#8217;estiu de la Fundaci\u00f3 Hestia, que aquest 2026 permet a les persones usu\u00e0ries descobrir Barcelona des de perspectives molt diferents.<\/p>\n<p>Aix\u00ed, al juliol les persones usu\u00e0ries van visitar el <a href=\"https:\/\/museupicassobcn.cat\">Museu Picasso<\/a> i al setembre, tocar\u00e0 incursi\u00f3 al m\u00f3n de l&#8217;h\u00edpica. Va desenvolupant-se aix\u00ed <a href=\"http:\/\/hestiafundacion.org\/ca\/fundacio-hestia-presenta-el-pla-dactivitats-2026\/\">Pla d&#8217;Activitats 2026,<\/a> l&#8217;aposta de Fundaci\u00f3 Hestia per oferir a les persones usu\u00e0ries espais d&#8217;aprenentatge i gaudi en entorns \u00fanics i estimulants.<\/p>\n<p><img loading=\"lazy\" class=\"alignnone wp-image-7468 size-medium\" src=\"http:\/\/hestiafundacion.org\/wp-content\/uploads\/2026\/09\/FOTO6-225x300.jpeg\" alt=\"\" width=\"225\" height=\"300\" srcset=\"http:\/\/hestiafundacion.org\/wp-content\/uploads\/2026\/09\/FOTO6-225x300.jpeg 225w, http:\/\/hestiafundacion.org\/wp-content\/uploads\/2026\/09\/FOTO6-768x1024.jpeg 768w, http:\/\/hestiafundacion.org\/wp-content\/uploads\/2026\/09\/FOTO6-1152x1536.jpeg 1152w, http:\/\/hestiafundacion.org\/wp-content\/uploads\/2026\/09\/FOTO6-600x800.jpeg 600w, http:\/\/hestiafundacion.org\/wp-content\/uploads\/2026\/09\/FOTO6-700x933.jpeg 700w, http:\/\/hestiafundacion.org\/wp-content\/uploads\/2026\/09\/FOTO6.jpeg 1536w\" sizes=\"(max-width: 225px) 100vw, 225px\" \/> <img loading=\"lazy\" class=\"alignnone wp-image-7466 size-medium\" src=\"http:\/\/hestiafundacion.org\/wp-content\/uploads\/2026\/09\/FOTO5-225x300.jpeg\" alt=\"\" width=\"225\" height=\"300\" srcset=\"http:\/\/hestiafundacion.org\/wp-content\/uploads\/2026\/09\/FOTO5-225x300.jpeg 225w, http:\/\/hestiafundacion.org\/wp-content\/uploads\/2026\/09\/FOTO5-768x1024.jpeg 768w, http:\/\/hestiafundacion.org\/wp-content\/uploads\/2026\/09\/FOTO5-1152x1536.jpeg 1152w, http:\/\/hestiafundacion.org\/wp-content\/uploads\/2026\/09\/FOTO5-600x800.jpeg 600w, http:\/\/hestiafundacion.org\/wp-content\/uploads\/2026\/09\/FOTO5-700x933.jpeg 700w, http:\/\/hestiafundacion.org\/wp-content\/uploads\/2026\/09\/FOTO5.jpeg 1536w\" sizes=\"(max-width: 225px) 100vw, 225px\" \/> <img loading=\"lazy\" class=\"alignnone wp-image-7464 size-medium\" src=\"http:\/\/hestiafundacion.org\/wp-content\/uploads\/2026\/09\/FOTO4-225x300.jpeg\" alt=\"\" width=\"225\" height=\"300\" srcset=\"http:\/\/hestiafundacion.org\/wp-content\/uploads\/2026\/09\/FOTO4-225x300.jpeg 225w, http:\/\/hestiafundacion.org\/wp-content\/uploads\/2026\/09\/FOTO4-768x1024.jpeg 768w, http:\/\/hestiafundacion.org\/wp-content\/uploads\/2026\/09\/FOTO4-1152x1536.jpeg 1152w, http:\/\/hestiafundacion.org\/wp-content\/uploads\/2026\/09\/FOTO4-600x800.jpeg 600w, http:\/\/hestiafundacion.org\/wp-content\/uploads\/2026\/09\/FOTO4-700x933.jpeg 700w, http:\/\/hestiafundacion.org\/wp-content\/uploads\/2026\/09\/FOTO4.jpeg 1536w\" sizes=\"(max-width: 225px) 100vw, 225px\" \/><\/p>\n","protected":false},"excerpt":{"rendered":"<p>Cultura i sensacions, mirar i admirar. El 17 d&#8217;agost passat, un grup redu\u00eft de persones usu\u00e0ries de la Fundaci\u00f3 Hestia va gaudir d&#8217;una jornada molt especial. Va fer una visita al museu explicatiu sobre la cultura i la naturalesa de Barcelona, \u200b\u200bseguida de la pujada&#8230;<\/p>\n","protected":false},"author":3,"featured_media":7470,"comment_status":"open","ping_status":"open","sticky":false,"template":"","format":"standard","meta":[],"categories":[245],"tags":[261,260],"_links":{"self":[{"href":"http:\/\/hestiafundacion.org\/ca\/wp-json\/wp\/v2\/posts\/7472\/"}],"collection":[{"href":"http:\/\/hestiafundacion.org\/ca\/wp-json\/wp\/v2\/posts\/"}],"about":[{"href":"http:\/\/hestiafundacion.org\/ca\/wp-json\/wp\/v2\/types\/post\/"}],"author":[{"embeddable":true,"href":"http:\/\/hestiafundacion.org\/ca\/wp-json\/wp\/v2\/users\/3\/"}],"replies":[{"embeddable":true,"href":"http:\/\/hestiafundacion.org\/ca\/wp-json\/wp\/v2\/comments\/?post=7472"}],"version-history":[{"count":1,"href":"http:\/\/hestiafundacion.org\/ca\/wp-json\/wp\/v2\/posts\/7472\/revisions\/"}],"predecessor-version":[{"id":7473,"href":"http:\/\/hestiafundacion.org\/ca\/wp-json\/wp\/v2\/posts\/7472\/revisions\/7473\/"}],"wp:featuredmedia":[{"embeddable":true,"href":"http:\/\/hestiafundacion.org\/ca\/wp-json\/wp\/v2\/media\/7470\/"}],"wp:attachment":[{"href":"http:\/\/hestiafundacion.org\/ca\/wp-json\/wp\/v2\/media\/?parent=7472"}],"wp:term":[{"taxonomy":"category","embeddable":true,"href":"http:\/\/hestiafundacion.org\/ca\/wp-json\/wp\/v2\/categories\/?post=7472"},{"taxonomy":"post_tag","embeddable":true,"href":"http:\/\/hestiafundacion.org\/ca\/wp-json\/wp\/v2\/tags\/?post=7472"}],"curies":[{"name":"wp","href":"https:\/\/api.w.org\/{rel}","templated":true}]}}